{"id":820,"date":"2012-05-21T14:42:47","date_gmt":"2012-05-21T14:42:47","guid":{"rendered":"https:\/\/daisabaterias.es\/?p=820"},"modified":"2014-03-24T13:24:29","modified_gmt":"2014-03-24T12:24:29","slug":"daisa-estara-presente-en-genera-2012","status":"publish","type":"post","link":"https:\/\/daisabaterias.es\/index.php\/daisa-estara-presente-en-genera-2012\/","title":{"rendered":"DAISA estuvo presente en GENERA 2012"},"content":{"rendered":"<p style=\"text-align: justify;\"><strong>DAISA <\/strong>estuvo presente un a\u00f1o m\u00e1s en <strong>GENERA 2012<\/strong>, Feria Internacional de Energ\u00eda y Medio Ambiente. Muchas gracias a todos los contactos, clientes y proveedores que se acercaron hasta nuestro stand.<\/p>\n<p>&nbsp;<\/p>\n<p>&nbsp;<\/p>\n<p><a href=\"https:\/\/daisabaterias.es\/wp-content\/uploads\/2012\/05\/genera-2012-feria-internacional-de-energc3ada-y-medio-ambiente.jpg\"><img loading=\"lazy\" decoding=\"async\" class=\"aligncenter size-medium wp-image-826\" title=\"genera-2012-feria-internacional-de-energc3ada-y-medio-ambiente\" src=\"https:\/\/daisabaterias.es\/wp-content\/uploads\/2012\/05\/genera-2012-feria-internacional-de-energc3ada-y-medio-ambiente-300x100.jpg\" alt=\"\" width=\"300\" height=\"100\" srcset=\"https:\/\/daisabaterias.es\/wp-content\/uploads\/2012\/05\/genera-2012-feria-internacional-de-energc3ada-y-medio-ambiente-300x100.jpg 300w, https:\/\/daisabaterias.es\/wp-content\/uploads\/2012\/05\/genera-2012-feria-internacional-de-energc3ada-y-medio-ambiente-174x58.jpg 174w, https:\/\/daisabaterias.es\/wp-content\/uploads\/2012\/05\/genera-2012-feria-internacional-de-energc3ada-y-medio-ambiente-121x40.jpg 121w, https:\/\/daisabaterias.es\/wp-content\/uploads\/2012\/05\/genera-2012-feria-internacional-de-energc3ada-y-medio-ambiente-155x51.jpg 155w, https:\/\/daisabaterias.es\/wp-content\/uploads\/2012\/05\/genera-2012-feria-internacional-de-energc3ada-y-medio-ambiente-131x43.jpg 131w, https:\/\/daisabaterias.es\/wp-content\/uploads\/2012\/05\/genera-2012-feria-internacional-de-energc3ada-y-medio-ambiente-100x33.jpg 100w, https:\/\/daisabaterias.es\/wp-content\/uploads\/2012\/05\/genera-2012-feria-internacional-de-energc3ada-y-medio-ambiente.jpg 800w\" sizes=\"auto, (max-width: 300px) 100vw, 300px\" \/><\/a><\/p>\n<p>&nbsp;<\/p>\n<p>&nbsp;<\/p>\n<p style=\"text-align: justify;\">En breve nos pondremos en contacto con todos aquellos que nos facilitasteis vuestros datos para recibir informaci\u00f3n acerca de nuestros productos y\/o asesoramiento t\u00e9cnico con su sistema de acumulaci\u00f3n.<\/p>\n<p style=\"text-align: justify;\">\n<p>\u00a0<a href=\"https:\/\/daisabaterias.es\/wp-content\/uploads\/2012\/05\/Imagen-085.jpg\"><img loading=\"lazy\" decoding=\"async\" class=\"aligncenter size-medium wp-image-834\" title=\"Imagen 085\" src=\"https:\/\/daisabaterias.es\/wp-content\/uploads\/2012\/05\/Imagen-085-300x225.jpg\" alt=\"\" width=\"300\" height=\"225\" srcset=\"https:\/\/daisabaterias.es\/wp-content\/uploads\/2012\/05\/Imagen-085-300x225.jpg 300w, https:\/\/daisabaterias.es\/wp-content\/uploads\/2012\/05\/Imagen-085-1024x768.jpg 1024w, https:\/\/daisabaterias.es\/wp-content\/uploads\/2012\/05\/Imagen-085-174x130.jpg 174w, https:\/\/daisabaterias.es\/wp-content\/uploads\/2012\/05\/Imagen-085-105x79.jpg 105w, https:\/\/daisabaterias.es\/wp-content\/uploads\/2012\/05\/Imagen-085-155x116.jpg 155w, https:\/\/daisabaterias.es\/wp-content\/uploads\/2012\/05\/Imagen-085-131x98.jpg 131w, https:\/\/daisabaterias.es\/wp-content\/uploads\/2012\/05\/Imagen-085-100x75.jpg 100w\" sizes=\"auto, (max-width: 300px) 100vw, 300px\" \/><\/a><\/p>\n<p>&nbsp;<\/p>\n<p>&nbsp;<\/p>\n<p style=\"text-align: center;\"><strong><a title=\"IFEMA FERIA GENERA\" href=\"http:\/\/www.ifema.es\/ferias\/genera\/default.html\">WEB FERIA GENERA 2012<\/a><br \/>\n<\/strong><\/p>\n<p>&nbsp;<\/p>\n","protected":false},"excerpt":{"rendered":"<p>DAISA estuvo presente un a\u00f1o m\u00e1s en GENERA 2012, Feria Internacional de Energ\u00eda y Medio Ambiente. Muchas gracias a todos los contactos, clientes y proveedores que se acercaron hasta nuestro stand. &nbsp; &nbsp; &nbsp; &nbsp; En breve nos pondremos en contacto con todos aquellos que nos facilitasteis vuestros datos para recibir informaci\u00f3n acerca de nuestros [&hellip;]<\/p>\n","protected":false},"author":2,"featured_media":0,"comment_status":"open","ping_status":"open","sticky":false,"template":"","format":"standard","meta":{"_acf_changed":false,"footnotes":""},"categories":[4],"tags":[],"class_list":["post-820","post","type-post","status-publish","format-standard","hentry","category-noticias"],"acf":[],"_links":{"self":[{"href":"https:\/\/daisabaterias.es\/index.php\/wp-json\/wp\/v2\/posts\/820","targetHints":{"allow":["GET"]}}],"collection":[{"href":"https:\/\/daisabaterias.es\/index.php\/wp-json\/wp\/v2\/posts"}],"about":[{"href":"https:\/\/daisabaterias.es\/index.php\/wp-json\/wp\/v2\/types\/post"}],"author":[{"embeddable":true,"href":"https:\/\/daisabaterias.es\/index.php\/wp-json\/wp\/v2\/users\/2"}],"replies":[{"embeddable":true,"href":"https:\/\/daisabaterias.es\/index.php\/wp-json\/wp\/v2\/comments?post=820"}],"version-history":[{"count":12,"href":"https:\/\/daisabaterias.es\/index.php\/wp-json\/wp\/v2\/posts\/820\/revisions"}],"predecessor-version":[{"id":1142,"href":"https:\/\/daisabaterias.es\/index.php\/wp-json\/wp\/v2\/posts\/820\/revisions\/1142"}],"wp:attachment":[{"href":"https:\/\/daisabaterias.es\/index.php\/wp-json\/wp\/v2\/media?parent=820"}],"wp:term":[{"taxonomy":"category","embeddable":true,"href":"https:\/\/daisabaterias.es\/index.php\/wp-json\/wp\/v2\/categories?post=820"},{"taxonomy":"post_tag","embeddable":true,"href":"https:\/\/daisabaterias.es\/index.php\/wp-json\/wp\/v2\/tags?post=820"}],"curies":[{"name":"wp","href":"https:\/\/api.w.org\/{rel}","templated":true}]}}