{"id":865,"date":"2013-01-29T16:05:33","date_gmt":"2013-01-29T16:05:33","guid":{"rendered":"https:\/\/daisabaterias.es\/?p=865"},"modified":"2014-03-24T13:23:44","modified_gmt":"2014-03-24T12:23:44","slug":"daisa-estara-presente-en-genera-2013","status":"publish","type":"post","link":"https:\/\/daisabaterias.es\/index.php\/daisa-estara-presente-en-genera-2013\/","title":{"rendered":"DAISA estuvo presente en GENERA 2013"},"content":{"rendered":"<p>DAISA\u00a0<strong><\/strong>estuvo presente un a\u00f1o m\u00e1s en GENERA 2013. Feria Internacional de Energ\u00eda y Medio Ambiente. Muchas gracias a todos los contactos, clientes y proveedores que se acercaron hasta nuestro stand.<\/p>\n<p>&nbsp;<\/p>\n<p><a href=\"http:\/\/www.ifema.es\/web\/ferias\/genera\/pdf\/brokerage_event.pdf\"><img loading=\"lazy\" decoding=\"async\" class=\"aligncenter size-medium wp-image-866\" title=\"Genera_2013\" src=\"https:\/\/daisabaterias.es\/wp-content\/uploads\/2013\/01\/Genera_2013-300x127.jpg\" alt=\"\" width=\"300\" height=\"127\" srcset=\"https:\/\/daisabaterias.es\/wp-content\/uploads\/2013\/01\/Genera_2013-300x127.jpg 300w, https:\/\/daisabaterias.es\/wp-content\/uploads\/2013\/01\/Genera_2013-174x73.jpg 174w, https:\/\/daisabaterias.es\/wp-content\/uploads\/2013\/01\/Genera_2013-121x51.jpg 121w, https:\/\/daisabaterias.es\/wp-content\/uploads\/2013\/01\/Genera_2013-155x65.jpg 155w, https:\/\/daisabaterias.es\/wp-content\/uploads\/2013\/01\/Genera_2013-131x55.jpg 131w, https:\/\/daisabaterias.es\/wp-content\/uploads\/2013\/01\/Genera_2013-100x42.jpg 100w, https:\/\/daisabaterias.es\/wp-content\/uploads\/2013\/01\/Genera_2013.jpg 379w\" sizes=\"auto, (max-width: 300px) 100vw, 300px\" \/><\/a><\/p>\n<p>&nbsp;<\/p>\n<p>Ya nos hemos puesto en contacto con todos aquellos que nos facilitasteis vuestros datos para recibir informaci\u00f3n acerca de nuestros productos y\/o asesoramiento t\u00e9cnico con su sistema de acumulaci\u00f3n.<\/p>\n<p>&nbsp;<\/p>\n<p><a href=\"https:\/\/daisabaterias.es\/wp-content\/uploads\/2013\/01\/Fotos-005.jpg\"><img loading=\"lazy\" decoding=\"async\" class=\"aligncenter size-medium wp-image-893\" title=\"Fotos 005\" src=\"https:\/\/daisabaterias.es\/wp-content\/uploads\/2013\/01\/Fotos-005-300x225.jpg\" alt=\"\" width=\"300\" height=\"225\" srcset=\"https:\/\/daisabaterias.es\/wp-content\/uploads\/2013\/01\/Fotos-005-300x225.jpg 300w, https:\/\/daisabaterias.es\/wp-content\/uploads\/2013\/01\/Fotos-005-1024x768.jpg 1024w, https:\/\/daisabaterias.es\/wp-content\/uploads\/2013\/01\/Fotos-005-174x130.jpg 174w, https:\/\/daisabaterias.es\/wp-content\/uploads\/2013\/01\/Fotos-005-105x79.jpg 105w, https:\/\/daisabaterias.es\/wp-content\/uploads\/2013\/01\/Fotos-005-155x116.jpg 155w, https:\/\/daisabaterias.es\/wp-content\/uploads\/2013\/01\/Fotos-005-131x98.jpg 131w, https:\/\/daisabaterias.es\/wp-content\/uploads\/2013\/01\/Fotos-005-100x75.jpg 100w\" sizes=\"auto, (max-width: 300px) 100vw, 300px\" \/><\/a><\/p>\n","protected":false},"excerpt":{"rendered":"<p>DAISA\u00a0estuvo presente un a\u00f1o m\u00e1s en GENERA 2013. Feria Internacional de Energ\u00eda y Medio Ambiente. Muchas gracias a todos los contactos, clientes y proveedores que se acercaron hasta nuestro stand. &nbsp; &nbsp; Ya nos hemos puesto en contacto con todos aquellos que nos facilitasteis vuestros datos para recibir informaci\u00f3n acerca de nuestros productos y\/o asesoramiento [&hellip;]<\/p>\n","protected":false},"author":2,"featured_media":0,"comment_status":"open","ping_status":"open","sticky":false,"template":"","format":"standard","meta":{"_acf_changed":false,"footnotes":""},"categories":[4],"tags":[],"class_list":["post-865","post","type-post","status-publish","format-standard","hentry","category-noticias"],"acf":[],"_links":{"self":[{"href":"https:\/\/daisabaterias.es\/index.php\/wp-json\/wp\/v2\/posts\/865","targetHints":{"allow":["GET"]}}],"collection":[{"href":"https:\/\/daisabaterias.es\/index.php\/wp-json\/wp\/v2\/posts"}],"about":[{"href":"https:\/\/daisabaterias.es\/index.php\/wp-json\/wp\/v2\/types\/post"}],"author":[{"embeddable":true,"href":"https:\/\/daisabaterias.es\/index.php\/wp-json\/wp\/v2\/users\/2"}],"replies":[{"embeddable":true,"href":"https:\/\/daisabaterias.es\/index.php\/wp-json\/wp\/v2\/comments?post=865"}],"version-history":[{"count":6,"href":"https:\/\/daisabaterias.es\/index.php\/wp-json\/wp\/v2\/posts\/865\/revisions"}],"predecessor-version":[{"id":1136,"href":"https:\/\/daisabaterias.es\/index.php\/wp-json\/wp\/v2\/posts\/865\/revisions\/1136"}],"wp:attachment":[{"href":"https:\/\/daisabaterias.es\/index.php\/wp-json\/wp\/v2\/media?parent=865"}],"wp:term":[{"taxonomy":"category","embeddable":true,"href":"https:\/\/daisabaterias.es\/index.php\/wp-json\/wp\/v2\/categories?post=865"},{"taxonomy":"post_tag","embeddable":true,"href":"https:\/\/daisabaterias.es\/index.php\/wp-json\/wp\/v2\/tags?post=865"}],"curies":[{"name":"wp","href":"https:\/\/api.w.org\/{rel}","templated":true}]}}